{"id":474,"date":"2009-12-31T03:48:20","date_gmt":"2009-12-31T02:48:20","guid":{"rendered":"http:\/\/deelo.de\/wp\/?p=474"},"modified":"2009-12-31T03:49:01","modified_gmt":"2009-12-31T02:49:01","slug":"danke2009","status":"publish","type":"post","link":"http:\/\/deelo.de\/index.php\/2009\/12\/31\/danke2009\/","title":{"rendered":"Danke"},"content":{"rendered":"<p>In den letzten Tagen und Wochen habe ich mich \u00f6fters gefragt, was die Menschen, die ich \u00fcbers Internet n\u00e4her kennengerlernt habe, eigentlich f\u00fcr mich sind &#8211; sind es Unbekannte, Bekannte, Freunde???<\/p>\n<p>Ich denke, ich kann wirklich sagen, da\u00df einige von ihnen Freunde geworden sind, Web-Freunde n\u00e4mlich, die ich nicht mehr missen m\u00f6chte. <!--more--><\/p>\n<p>Viele von ihnen habe ich noch nie gesehen, einige durfte ich pers\u00f6nlich kennen lernen und da sind ein paar, bei denen habe ich das Gef\u00fchl, sie besser zu kennen als manche Menschen in meiner Umgebung.<\/p>\n<p>Es gibt im gro\u00dfen weiten Netz Seiten, die man meist durch Zufall entdeckt und die man dann immer wieder besucht. Man schreibt ins G\u00e4stebuch, oder trifft jemanden in einem Forum, der andere schreibt zur\u00fcck und pl\u00f6tzlich merkt man, das &#8222;pa\u00dft&#8220; gut zusammen. Manchmal besucht man sich fast t\u00e4glich, dann wieder gibt es kleinere Pausen, aber irgendwie wei\u00df man doch immer, da\u00df der andere da ist.<\/p>\n<p>Man gibt selber viel von sich preis und oft kann man durch die Homepage der Freunde, oder ein Forum in die Gef\u00fchlswelt der Web-Freunde abtauchen. Da findet man oft sehr pers\u00f6nliche Gedichte, Geschichten oder Gedanken.<\/p>\n<p>Heute m\u00f6chte ich einfach mal DANKE sagen &#8211;<br \/>\nDANKE all denen, die mich regelm\u00e4\u00dfig besuchen,<br \/>\ndie mir liebe Worte im Mail, \u00fcber das Forum,<br \/>\noder im G\u00e4stebuch hinterlassen und ohne die<br \/>\nmein Web-Alltag nur halb so sch\u00f6n w\u00e4re.<\/p>\n<p>Ich m\u00f6chte hier jetzt nicht alle aufz\u00e4hlen,<br \/>\naber ich denke, meine ganz pers\u00f6nlichen Web-Freunde wissen schon, da\u00df sie gemeint sind \ud83d\ude42<br \/>\n*smile*<br \/>\neliza<\/p>\n","protected":false},"excerpt":{"rendered":"<p>In den letzten Tagen und Wochen habe ich mich \u00f6fters gefragt, was die Menschen, die ich \u00fcbers Internet n\u00e4her kennengerlernt habe, eigentlich f\u00fcr mich sind &hellip; <\/p>\n","protected":false},"author":1,"featured_media":0,"comment_status":"open","ping_status":"open","sticky":false,"template":"","format":"standard","meta":{"footnotes":""},"categories":[54],"tags":[],"class_list":["post-474","post","type-post","status-publish","format-standard","hentry","category-alltaegliches"],"_links":{"self":[{"href":"http:\/\/deelo.de\/index.php\/wp-json\/wp\/v2\/posts\/474","targetHints":{"allow":["GET"]}}],"collection":[{"href":"http:\/\/deelo.de\/index.php\/wp-json\/wp\/v2\/posts"}],"about":[{"href":"http:\/\/deelo.de\/index.php\/wp-json\/wp\/v2\/types\/post"}],"author":[{"embeddable":true,"href":"http:\/\/deelo.de\/index.php\/wp-json\/wp\/v2\/users\/1"}],"replies":[{"embeddable":true,"href":"http:\/\/deelo.de\/index.php\/wp-json\/wp\/v2\/comments?post=474"}],"version-history":[{"count":3,"href":"http:\/\/deelo.de\/index.php\/wp-json\/wp\/v2\/posts\/474\/revisions"}],"predecessor-version":[{"id":477,"href":"http:\/\/deelo.de\/index.php\/wp-json\/wp\/v2\/posts\/474\/revisions\/477"}],"wp:attachment":[{"href":"http:\/\/deelo.de\/index.php\/wp-json\/wp\/v2\/media?parent=474"}],"wp:term":[{"taxonomy":"category","embeddable":true,"href":"http:\/\/deelo.de\/index.php\/wp-json\/wp\/v2\/categories?post=474"},{"taxonomy":"post_tag","embeddable":true,"href":"http:\/\/deelo.de\/index.php\/wp-json\/wp\/v2\/tags?post=474"}],"curies":[{"name":"wp","href":"https:\/\/api.w.org\/{rel}","templated":true}]}}